{"id":829,"date":"2018-12-15T22:22:13","date_gmt":"2018-12-16T01:22:13","guid":{"rendered":"http:\/\/sites.usp.br\/climatologia\/?p=829"},"modified":"2018-11-27T22:26:52","modified_gmt":"2018-11-28T01:26:52","slug":"atlas-da-unesco-mostra-frequencia-da-seca-na-america-latina-e-caribe","status":"publish","type":"post","link":"https:\/\/sites.usp.br\/climatologia\/atlas-da-unesco-mostra-frequencia-da-seca-na-america-latina-e-caribe\/","title":{"rendered":"Atlas da Unesco mostra frequ\u00eancia da seca na Am\u00e9rica Latina e no Caribe"},"content":{"rendered":"<p>&#8220;A seca \u00e9 um dos mais graves desastres naturais a afetar a sociedade e o ambiente no mundo. Apesar do avan\u00e7o nas pesquisas sobre a ocorr\u00eancia, tend\u00eancia e incertezas sobre a frequ\u00eancia de eventos globais de seca, esse fen\u00f4meno causou mais da metade das mortes por desastres naturais a n\u00edvel global, durante o s\u00e9culo XX.<\/p>\n<div id=\"attachment_830\" style=\"width: 660px\" class=\"wp-caption aligncenter\"><a href=\"http:\/\/sites.usp.br\/climatologia\/wp-content\/uploads\/sites\/267\/2018\/11\/drought-19478_12802.jpg\"><img loading=\"lazy\" decoding=\"async\" aria-describedby=\"caption-attachment-830\" class=\"size-full wp-image-830\" src=\"http:\/\/sites.usp.br\/climatologia\/wp-content\/uploads\/sites\/267\/2018\/11\/drought-19478_12802.jpg\" alt=\"\" width=\"650\" height=\"431\" srcset=\"https:\/\/sites.usp.br\/climatologia\/wp-content\/uploads\/sites\/267\/2018\/11\/drought-19478_12802.jpg 650w, https:\/\/sites.usp.br\/climatologia\/wp-content\/uploads\/sites\/267\/2018\/11\/drought-19478_12802-300x199.jpg 300w, https:\/\/sites.usp.br\/climatologia\/wp-content\/uploads\/sites\/267\/2018\/11\/drought-19478_12802-400x265.jpg 400w\" sizes=\"auto, (max-width: 650px) 100vw, 650px\" \/><\/a><p id=\"caption-attachment-830\" class=\"wp-caption-text\">Fonte: http:\/\/lapismet.com.br\/wp-content\/uploads\/2018\/11\/Livro_UNESCO_2018.pdf<\/p><\/div>\n<p>Ap\u00f3s as inunda\u00e7\u00f5es, a seca \u00e9 considerada o desastre natural com o segundo n\u00edvel maior n\u00edvel de impactos humanos. De acordo com o Escrit\u00f3rio para Redu\u00e7\u00e3o de Risco de Desastres das Na\u00e7\u00f5es Unidas, mais de 50 milh\u00f5es de pessoas foram afetadas pela seca, somente em 2015.<\/p>\n<p>Nas \u00faltimas d\u00e9cadas, houve um aumento significativo na ocorr\u00eancia de secas na regi\u00e3o da Am\u00e9rica Latina e do Caribe. A mitiga\u00e7\u00e3o dos impactos da seca \u00e9 uma das principais prioridades de muitos governos na regi\u00e3o, a fim de se afastar da gest\u00e3o emergencial de crises e atuar na gest\u00e3o proativa do risco clim\u00e1tico.<\/p>\n<p>Pela import\u00e2ncia do tema, foi lan\u00e7ado recentemente o Atlas de Secas da Am\u00e9rica Latina e do Caribe, com foco no estudo da frequ\u00eancia com que os eventos de seca meteorol\u00f3gica impactaram a regi\u00e3o.<\/p>\n<p>O trabalho foi elaborado pelo Centro de Zonas \u00c1ridas e Semi\u00e1ridas de Am\u00e9rica Latina e o Caribe (Cazalac) e o Programa Hidrol\u00f3gico Internacional da Organiza\u00e7\u00e3o das Na\u00e7\u00f5es Unidas para a Educa\u00e7\u00e3o, a Ci\u00eancia e a Cultura (Unesco), com colabora\u00e7\u00e3o do Instituto de Recursos H\u00eddricos do Corpo de Engenheiros do Ex\u00e9rcito dos Estados Unidos.<\/p>\n<p>Para ler o <strong><em>Atlas das Secas da Am\u00e9rica Latina e do Caribe<\/em><\/strong>, <a href=\"http:\/\/lapismet.com.br\/wp-content\/uploads\/2018\/11\/Livro_UNESCO_2018.pdf\"><strong>clique aqui<\/strong><\/a>.<\/p>\n<p>O desenvolvimento do Atlas de Secas da Am\u00e9rica Latina e do Caribe foi iniciado em 2008. No per\u00edodo de 10 anos, foram realizadas oficinas regionais, permitindo capacita\u00e7\u00e3o na maioria dos pa\u00edses, difundindo uma metodologia consolidada de aplica\u00e7\u00e3o geral.<\/p>\n<p>A caracteriza\u00e7\u00e3o da amea\u00e7a da seca \u00e9 um passo importante para permitir sua melhor gest\u00e3o na Regi\u00e3o. O Atlas das Secas da Am\u00e9rica Latina e do Caribe gera uma refer\u00eancia sobre a frequ\u00eancia do fen\u00f4meno.<\/p>\n<p>Atrav\u00e9s da gera\u00e7\u00e3o de informa\u00e7\u00f5es clim\u00e1ticas mais s\u00f3lidas para a tomada de decis\u00f5es, o documento apoia diretamente o gerenciamento proativo de secas na Regi\u00e3o. Al\u00e9m disso, compila as experi\u00eancias nacionais de 10 pa\u00edses (Argentina, Bol\u00edvia, Brasil, Chile, Col\u00f4mbia, Equador, Honduras, Peru, Uruguai e Venezuela), no que diz respeito aos impactos das secas, \u00e0 recorr\u00eancia do fen\u00f4meno, mas tamb\u00e9m \u00e0s pol\u00edticas e medidas de adapta\u00e7\u00e3o para enfrentar a amea\u00e7a.<\/p>\n<p>Os estudos de caso nacionais compreenderam as causas e caracter\u00edsticas dos eventos de seca, incluindo seus processos, a fim de identificar a vulnerabilidade dos meios de subsist\u00eancia aos perigos da seca.<\/p>\n<p>No documento, os especialistas adotaram uma metodologia inovadora que identifica a variabilidade da redu\u00e7\u00e3o de chuvas em pa\u00edses da Am\u00e9rica Latina e do Caribe, permitindo visualizar como essa variabilidade clim\u00e1tica difere espacialmente dentro dos pa\u00edses, mesmo em dist\u00e2ncias curtas. Isso \u00e9 conseguido atrav\u00e9s da identifica\u00e7\u00e3o da frequ\u00eancia da seca, que \u00e9 a probabilidade de ocorr\u00eancia do fen\u00f4meno com uma certa magnitude e dura\u00e7\u00e3o, em qualquer local, na \u00e1rea de interesse.<\/p>\n<p>O Atlas tamb\u00e9m destaca os impactos da seca nos recursos h\u00eddricos, analisando a capacidade de resposta aos principais desafios locais, regionais e globais \u00e0 seguran\u00e7a h\u00eddrica. O desenvolvimento de solu\u00e7\u00f5es inovadoras e as atividades que contribu\u00edram ao desenvolvimento do Atlas apoiaram na difus\u00e3o de conhecimentos para a gest\u00e3o ativa das \u00e1guas. O documento tamb\u00e9m \u00e9 um passo ao estabelecimento de sistemas de monitoramento e progn\u00f3stico das secas, para fortalecer a gest\u00e3o proativa do fen\u00f4meno na Regi\u00e3o.<\/p>\n<p>Os especialistas destacaram uma contradi\u00e7\u00e3o evidente na gest\u00e3o das secas. Apesar de tantos avan\u00e7os tecnol\u00f3gicos que permitem dispor de novas fontes de \u00e1gua e mais efici\u00eancia na sua utiliza\u00e7\u00e3o, como o uso de \u00e1guas subterr\u00e2neas, a dessaliniza\u00e7\u00e3o de \u00e1gua do mar ou a reciclagem de \u00e1gua, a escassez de \u00e1gua continua sendo uma amea\u00e7a ao bem-estar humano.<\/p>\n<p>V\u00e1rios pa\u00edses ainda sofrem com migra\u00e7\u00f5es, fome e doen\u00e7as associadas \u00e0 escassez tempor\u00e1ria de \u00e1gua. Seus sistemas econ\u00f4micos tamb\u00e9m s\u00e3o, em muitos casos, fortemente afetados. Isso tamb\u00e9m pode gerar instabilidade pol\u00edtica, porque as solu\u00e7\u00f5es para esses problemas n\u00e3o s\u00e3o, em muitos casos, suficientes.<\/p>\n<p>De acordo com o diretor do Cazalac, para fazer frente a esse fen\u00f4meno, a resposta est\u00e1 em antecipar-se, em saber com anteced\u00eancia quais medidas de adapta\u00e7\u00e3o devem estar implementadas e onde podem ser aplicadas, de tal maneira que o impacto da seca possa ser controlado.<\/p>\n<p>Para isso, as ferramentas de monitoramento e alerta s\u00e3o fundamentais para permitir um melhor planejamento dos setores econ\u00f4micos e sociais e uma melhor gest\u00e3o da seca.<\/p>\n<p>O Laborat\u00f3rio de An\u00e1lise e Processamento de Imagens de Sat\u00e9lites (Lapis) foi o ponto focal respons\u00e1vel pela condu\u00e7\u00e3o dos estudos sobre a seca no Brasil, tendo elaborado um dos cap\u00edtulos integrantes do Atlas.<\/p>\n<p>O Lapis realiza o monitoramento permanente das secas no Brasil, atrav\u00e9s de tecnologias de sensoriamento remoto, tendo desenvolvido metodologias, software, ferramentas e produtos de sat\u00e9lites espec\u00edficos para fornecer, operacionalmente, a radiografia das secas no Brasil. Essas ferramentas s\u00e3o imprescind\u00edveis ao planejamento e \u00e0 tomada de decis\u00e3o sobre a gest\u00e3o das secas.<\/p>\n<p>No Atlas das secas, os autores mostraram como a seca tem sido um problema comum a todas as regi\u00f5es brasileiras, sendo o Semi\u00e1rido brasileiro onde ocorre a situa\u00e7\u00e3o mais cr\u00f4nica de escassez h\u00eddrica.<\/p>\n<p>Com base no Livro \u201cUm s\u00e9culo de secas: por que as pol\u00edticas h\u00eddricas n\u00e3o transformaram o Semi\u00e1rido brasileiro?\u201d, os especialistas analisaram a hist\u00f3ria das secas no Brasil, identificando e avaliando as respostas apresentadas pelos governos, em termos de pol\u00edticas e a\u00e7\u00f5es de adapta\u00e7\u00e3o, de acordo com a severidade de cada evento clim\u00e1tico. Foram destacadas tamb\u00e9m as li\u00e7\u00f5es da seca que assolou a regi\u00e3o, durante o per\u00edodo 2010-2017, considerada a pior seca do s\u00e9culo. Para adquirir o Livro \u201cUm s\u00e9culo de secas\u201d, clique aqui.<\/p>\n<p>No cap\u00edtulo do Atlas sobre o Brasil, foram abordados ainda os impactos da seca nos diferentes setores econ\u00f4micos, a frequ\u00eancia da seca extrema no Brasil e a gest\u00e3o institucional do risco de desastre por seca no Brasil.<\/p>\n<p>A metodologia adotada na elabora\u00e7\u00e3o do Atlas das Secas oferece uma ferramenta eficiente para o estudo da frequ\u00eancia das secas na Am\u00e9rica Latina e no Caribe. O estudo da frequ\u00eancia da seca permite identificar como a variabilidade clim\u00e1tica difere espacialmente no interior de cada pa\u00eds. Dessa forma, o Atlas da Seca fornece uma ferramenta eficaz para aumentar a conscientiza\u00e7\u00e3o sobre a exposi\u00e7\u00e3o \u00e0 seca em pa\u00edses da Am\u00e9rica Latina e do Caribe.<\/p>\n<p>O documento tamb\u00e9m apresenta uma radiografia da gest\u00e3o institucional das secas na Regi\u00e3o, permitindo a ado\u00e7\u00e3o de medidas de gest\u00e3o das secas.&#8221;<\/p>\n<p>Fonte: Letras Ambientais. &lt;<a href=\"http:\/\/www.letrasambientais.com.br\/posts\/atlas-da-unesco-mostra-frequencia-da-seca-na-america-latina-e-no-caribe?fbclid=IwAR1Qw9ma03pbOo-ObWAN7-g_pf0lXzq19ypYaQfst6fon_swcJ5iahFwKEk\">http:\/\/www.letrasambientais.com.br\/posts\/atlas-da-unesco-mostra-frequencia-da-seca-na-america-latina-e-no-caribe?fbclid=IwAR1Qw9ma03pbOo-ObWAN7-g_pf0lXzq19ypYaQfst6fon_swcJ5iahFwKEk<\/a>&gt;. Acessado em 27 Nov 2018.<\/p>\n","protected":false},"excerpt":{"rendered":"<p>&#8220;A seca \u00e9 um dos mais graves desastres naturais a afetar a sociedade e o ambiente no mundo. Apesar do&#46;&#46;&#46;<\/p>\n","protected":false},"author":637,"featured_media":0,"comment_status":"closed","ping_status":"closed","sticky":false,"template":"","format":"standard","meta":{"footnotes":"","_links_to":"","_links_to_target":""},"categories":[1],"tags":[],"class_list":["post-829","post","type-post","status-publish","format-standard","hentry","category-artigosenoticias"],"_links":{"self":[{"href":"https:\/\/sites.usp.br\/climatologia\/wp-json\/wp\/v2\/posts\/829","targetHints":{"allow":["GET"]}}],"collection":[{"href":"https:\/\/sites.usp.br\/climatologia\/wp-json\/wp\/v2\/posts"}],"about":[{"href":"https:\/\/sites.usp.br\/climatologia\/wp-json\/wp\/v2\/types\/post"}],"author":[{"embeddable":true,"href":"https:\/\/sites.usp.br\/climatologia\/wp-json\/wp\/v2\/users\/637"}],"replies":[{"embeddable":true,"href":"https:\/\/sites.usp.br\/climatologia\/wp-json\/wp\/v2\/comments?post=829"}],"version-history":[{"count":1,"href":"https:\/\/sites.usp.br\/climatologia\/wp-json\/wp\/v2\/posts\/829\/revisions"}],"predecessor-version":[{"id":831,"href":"https:\/\/sites.usp.br\/climatologia\/wp-json\/wp\/v2\/posts\/829\/revisions\/831"}],"wp:attachment":[{"href":"https:\/\/sites.usp.br\/climatologia\/wp-json\/wp\/v2\/media?parent=829"}],"wp:term":[{"taxonomy":"category","embeddable":true,"href":"https:\/\/sites.usp.br\/climatologia\/wp-json\/wp\/v2\/categories?post=829"},{"taxonomy":"post_tag","embeddable":true,"href":"https:\/\/sites.usp.br\/climatologia\/wp-json\/wp\/v2\/tags?post=829"}],"curies":[{"name":"wp","href":"https:\/\/api.w.org\/{rel}","templated":true}]}}