{"id":2799,"date":"2026-05-06T14:38:26","date_gmt":"2026-05-06T16:38:26","guid":{"rendered":"https:\/\/sites.usp.br\/conexoescriticas\/?p=2799"},"modified":"2026-05-06T14:40:26","modified_gmt":"2026-05-06T16:40:26","slug":"ana-cristina-cesar-e-oswald-de-andrade","status":"publish","type":"post","link":"https:\/\/sites.usp.br\/conexoescriticas\/ana-cristina-cesar-e-oswald-de-andrade\/","title":{"rendered":"Ana Cristina Cesar e Oswald de Andrade"},"content":{"rendered":"\t\t<div data-elementor-type=\"wp-post\" data-elementor-id=\"2799\" class=\"elementor elementor-2799\" data-elementor-post-type=\"post\">\n\t\t\t\t\t\t<section class=\"elementor-section elementor-top-section elementor-element elementor-element-283ab4a1 elementor-section-boxed elementor-section-height-default elementor-section-height-default\" data-id=\"283ab4a1\" data-element_type=\"section\">\n\t\t\t\t\t\t<div class=\"elementor-container elementor-column-gap-default\">\n\t\t\t\t\t<div class=\"elementor-column elementor-col-100 elementor-top-column elementor-element elementor-element-79f6b29a\" data-id=\"79f6b29a\" data-element_type=\"column\">\n\t\t\t<div class=\"elementor-widget-wrap elementor-element-populated\">\n\t\t\t\t\t\t<div class=\"elementor-element elementor-element-33a6d035 elementor-widget elementor-widget-text-editor\" data-id=\"33a6d035\" data-element_type=\"widget\" data-widget_type=\"text-editor.default\">\n\t\t\t\t<div class=\"elementor-widget-container\">\n\t\t\t\t\t\t\t<p>Como uma das a\u00e7\u00f5es do projeto Conex\u00f5es Cr\u00edticas em 2026, estamos disponibilizando a cr\u00edtica &#8220;<b>Conex\u00f5es modernistas e marginais:\u00a0<\/b><b>Ana Cristina Cesar leitora de Oswald de Andrade&#8221;.<\/b><\/p><p><span style=\"font-weight: 400;\">A partir de consulta nos arquivos de Ana Cristina Cesar, o texto explora a postura da escritora enquanto leitora de Oswald de Andrade, observando como as heran\u00e7as modernistas\u00a0 \u2013 oposi\u00e7\u00f5es est\u00e9ticas e ideol\u00f3gicas dos anos 1920 e 1930 \u2013 movimentam a produ\u00e7\u00e3o cr\u00edtica e po\u00e9tica da gera\u00e7\u00e3o marginal nos anos 1970. A an\u00e1lise parte de marcas marginais identificadas no artigo \u201cEst\u00e9tica e Ideologia: o modernismo em 1930\u201d (<\/span><i><span style=\"font-weight: 400;\">Argumento<\/span><\/i><span style=\"font-weight: 400;\">, 1973), de Jo\u00e3o Luiz Lafet\u00e1, que se soma \u00e0 interpreta\u00e7\u00e3o da margin\u00e1lia de tr\u00eas obras de Oswald de Andrade presentes na biblioteca de Ana Cristina Cesar: <\/span><i><span style=\"font-weight: 400;\">Do pau brasil \u00e0 antropofagia e \u00e0s utopias<\/span><\/i><span style=\"font-weight: 400;\"> (1970), <\/span><i><span style=\"font-weight: 400;\">Um homem sem profiss\u00e3o: sob as ordens da mam\u00e3e<\/span><\/i><span style=\"font-weight: 400;\"> (1976) e <\/span><i><span style=\"font-weight: 400;\">Poesias reunidas <\/span><\/i><span style=\"font-weight: 400;\">(1972).<\/span><\/p><p><a href=\"https:\/\/sites.usp.br\/conexoescriticas\/criticadacritica\/ana-cristina-cesar-e-oswald-de-andrade\/\">Acesso AQUI!<\/a><\/p><p>\u00a0<\/p>\t\t\t\t\t\t<\/div>\n\t\t\t\t<\/div>\n\t\t\t\t\t<\/div>\n\t\t<\/div>\n\t\t\t\t\t<\/div>\n\t\t<\/section>\n\t\t\t\t<\/div>\n\t\t","protected":false},"excerpt":{"rendered":"<p>Como uma das a\u00e7\u00f5es do projeto Conex\u00f5es Cr\u00edticas em 2026, estamos disponibilizando a cr\u00edtica &#8220;Conex\u00f5es modernistas e marginais:\u00a0Ana Cristina Cesar leitora de Oswald de Andrade&#8221;. A partir de consulta nos arquivos de Ana Cristina Cesar, o texto explora a postura da escritora enquanto leitora de Oswald de Andrade, observando como as heran\u00e7as modernistas\u00a0 \u2013 oposi\u00e7\u00f5es [&hellip;]<\/p>\n","protected":false},"author":23885,"featured_media":2800,"comment_status":"closed","ping_status":"closed","sticky":false,"template":"","format":"standard","meta":{"footnotes":"","_links_to":"","_links_to_target":""},"categories":[1],"tags":[25,58,57,59],"class_list":["post-2799","post","type-post","status-publish","format-standard","has-post-thumbnail","hentry","category-geral","tag-marginalia","tag-modernismo-oswald-de-andrade","tag-na-cristina-cesar","tag-paoesia"],"_links":{"self":[{"href":"https:\/\/sites.usp.br\/conexoescriticas\/wp-json\/wp\/v2\/posts\/2799","targetHints":{"allow":["GET"]}}],"collection":[{"href":"https:\/\/sites.usp.br\/conexoescriticas\/wp-json\/wp\/v2\/posts"}],"about":[{"href":"https:\/\/sites.usp.br\/conexoescriticas\/wp-json\/wp\/v2\/types\/post"}],"author":[{"embeddable":true,"href":"https:\/\/sites.usp.br\/conexoescriticas\/wp-json\/wp\/v2\/users\/23885"}],"replies":[{"embeddable":true,"href":"https:\/\/sites.usp.br\/conexoescriticas\/wp-json\/wp\/v2\/comments?post=2799"}],"version-history":[{"count":4,"href":"https:\/\/sites.usp.br\/conexoescriticas\/wp-json\/wp\/v2\/posts\/2799\/revisions"}],"predecessor-version":[{"id":2804,"href":"https:\/\/sites.usp.br\/conexoescriticas\/wp-json\/wp\/v2\/posts\/2799\/revisions\/2804"}],"wp:featuredmedia":[{"embeddable":true,"href":"https:\/\/sites.usp.br\/conexoescriticas\/wp-json\/wp\/v2\/media\/2800"}],"wp:attachment":[{"href":"https:\/\/sites.usp.br\/conexoescriticas\/wp-json\/wp\/v2\/media?parent=2799"}],"wp:term":[{"taxonomy":"category","embeddable":true,"href":"https:\/\/sites.usp.br\/conexoescriticas\/wp-json\/wp\/v2\/categories?post=2799"},{"taxonomy":"post_tag","embeddable":true,"href":"https:\/\/sites.usp.br\/conexoescriticas\/wp-json\/wp\/v2\/tags?post=2799"}],"curies":[{"name":"wp","href":"https:\/\/api.w.org\/{rel}","templated":true}]}}