{"id":890,"date":"2016-08-22T17:10:24","date_gmt":"2016-08-22T20:10:24","guid":{"rendered":"http:\/\/sites.usp.br\/etnopsicologia\/?p=890"},"modified":"2020-10-27T12:18:13","modified_gmt":"2020-10-27T15:18:13","slug":"divulgacao-povos","status":"publish","type":"post","link":"https:\/\/sites.usp.br\/etnopsicologia\/divulgacao-povos\/","title":{"rendered":"Divulga\u00e7\u00e3o: Povos Ind\u00edgenas e Psicologia; a procura do bem viver."},"content":{"rendered":"<p>O livro\u00a0<em>Povos Ind\u00edgenas e Psicologia &#8211; a procura do bem viver\u00a0<\/em>foi recentemente publicado pelo Conselho Regional de Psicologia de S\u00e3o Paulo (CRP-SP) e conta com a participa\u00e7\u00e3o de autores ind\u00edgenas, bem como de profissionais da psicologia e da antropologia. Foram abordados temas como do bem viver ind\u00edgena, protagonismo ind\u00edgena, identidade ind\u00edgena, sa\u00fade mental ind\u00edgena, aten\u00e7\u00e3o psicossocial, psicologia cultural, etnopsican\u00e1lise, entre outros.<\/p>\n<p>O livro foi produto do Ciclo de Debates: Psicologia e Povos Ind\u00edgenas realizado pelo CRP-SP nas cidades de Santos, S\u00e3o Paulo e Ribeir\u00e3o Preto no primeiro semestre de 2016. O livro conta com a colabora\u00e7\u00e3o de autores do Laborat\u00f3rio de Etnopsicologia &#8211; USP.<\/p>\n<p>A vers\u00e3o digital (ebook) j\u00e1 est\u00e1 dispon\u00edvel atrav\u00e9s do portal do CRPSP.<\/p>\n<p>&nbsp;<\/p>\n<p><a href=\"http:\/\/www.crpsp.org\/fotos\/pdf-2016-08-24-16-20-25.pdf\">Clique aqui para ler o livro (Portal CRP-SP).<\/a><\/p>\n","protected":false},"excerpt":{"rendered":"<p>O livro\u00a0Povos Ind\u00edgenas e Psicologia &#8211; a procura do bem viver\u00a0foi recentemente publicado pelo Conselho Regional de Psicologia de S\u00e3o Paulo (CRP-SP) e conta com a participa\u00e7\u00e3o de autores ind\u00edgenas, bem como de profissionais da psicologia e da antropologia. Foram abordados temas como do bem viver ind\u00edgena, protagonismo ind\u00edgena, identidade ind\u00edgena, sa\u00fade mental ind\u00edgena, aten\u00e7\u00e3o psicossocial, psicologia cultural, etnopsican\u00e1lise, entre outros. O livro foi produto do Ciclo de Debates: Psicologia e Povos Ind\u00edgenas realizado pelo CRP-SP nas cidades de Santos, S\u00e3o Paulo e Ribeir\u00e3o Preto no primeiro semestre de 2016. O livro conta com a colabora\u00e7\u00e3o de autores do Laborat\u00f3rio de Etnopsicologia &#8211; USP. A vers\u00e3o digital (ebook) j\u00e1 est\u00e1 dispon\u00edvel atrav\u00e9s do portal do CRPSP. &nbsp; Clique aqui para ler o livro (Portal CRP-SP).<\/p>\n","protected":false},"author":260,"featured_media":895,"comment_status":"open","ping_status":"closed","sticky":false,"template":"","format":"standard","meta":{"footnotes":"","_links_to":"","_links_to_target":""},"categories":[14,1],"tags":[],"class_list":["post-890","post","type-post","status-publish","format-standard","has-post-thumbnail","hentry","category-divulgacao","category-publicacoes"],"_links":{"self":[{"href":"https:\/\/sites.usp.br\/etnopsicologia\/wp-json\/wp\/v2\/posts\/890","targetHints":{"allow":["GET"]}}],"collection":[{"href":"https:\/\/sites.usp.br\/etnopsicologia\/wp-json\/wp\/v2\/posts"}],"about":[{"href":"https:\/\/sites.usp.br\/etnopsicologia\/wp-json\/wp\/v2\/types\/post"}],"author":[{"embeddable":true,"href":"https:\/\/sites.usp.br\/etnopsicologia\/wp-json\/wp\/v2\/users\/260"}],"replies":[{"embeddable":true,"href":"https:\/\/sites.usp.br\/etnopsicologia\/wp-json\/wp\/v2\/comments?post=890"}],"version-history":[{"count":4,"href":"https:\/\/sites.usp.br\/etnopsicologia\/wp-json\/wp\/v2\/posts\/890\/revisions"}],"predecessor-version":[{"id":903,"href":"https:\/\/sites.usp.br\/etnopsicologia\/wp-json\/wp\/v2\/posts\/890\/revisions\/903"}],"wp:featuredmedia":[{"embeddable":true,"href":"https:\/\/sites.usp.br\/etnopsicologia\/wp-json\/wp\/v2\/media\/895"}],"wp:attachment":[{"href":"https:\/\/sites.usp.br\/etnopsicologia\/wp-json\/wp\/v2\/media?parent=890"}],"wp:term":[{"taxonomy":"category","embeddable":true,"href":"https:\/\/sites.usp.br\/etnopsicologia\/wp-json\/wp\/v2\/categories?post=890"},{"taxonomy":"post_tag","embeddable":true,"href":"https:\/\/sites.usp.br\/etnopsicologia\/wp-json\/wp\/v2\/tags?post=890"}],"curies":[{"name":"wp","href":"https:\/\/api.w.org\/{rel}","templated":true}]}}