{"id":811,"date":"2019-06-15T18:15:18","date_gmt":"2019-06-15T21:15:18","guid":{"rendered":"http:\/\/sites.usp.br\/labartemidia\/?p=811"},"modified":"2024-01-29T15:57:14","modified_gmt":"2024-01-29T18:57:14","slug":"palavras-cruzadas-lugares-de-fala-contemporaneos-por-daniel-lima-elida-lima-e-felipe-teixeira","status":"publish","type":"post","link":"https:\/\/sites.usp.br\/labartemidia\/palavras-cruzadas-lugares-de-fala-contemporaneos-por-daniel-lima-elida-lima-e-felipe-teixeira\/","title":{"rendered":"Palavras Cruzadas: Lugares de Fala Contempor\u00e2neos"},"content":{"rendered":"<p><span style=\"color: #000000;\">A instala\u00e7\u00e3o Palavras Cruzadas cria um espa\u00e7o de escuta para 12 vozes representativas das lutas minorit\u00e1rias brasileiras em resist\u00eancia a s\u00e9culos de viol\u00eancia colonial. Mais do que um mapeamento ou um apanhado das lutas, a videoinstala\u00e7\u00e3o produz um c\u00edrculo de subjetividades dissonantes do coro hegem\u00f4nico. N\u00e3o se trata, entretanto, de dar conta da express\u00e3o das vozes das minorias, infinitamente plurais, mas de estabe\u00adlecer um diagrama das pot\u00eancias de vozes que se encontram, ora silenciadas, ora apartadas, afirmando-as em seus protagonismos singulares. <\/span><\/p>\n<p><a href=\"https:\/\/sites.usp.br\/labartemidia\/wp-content\/uploads\/sites\/472\/2019\/06\/L1182754.jpg\"><img fetchpriority=\"high\" decoding=\"async\" class=\"wp-image-819 size-large aligncenter\" src=\"https:\/\/sites.usp.br\/labartemidia\/wp-content\/uploads\/sites\/472\/2019\/06\/L1182754-1024x641.jpg\" alt=\"\" width=\"640\" height=\"401\" data-id=\"819\" srcset=\"https:\/\/sites.usp.br\/labartemidia\/wp-content\/uploads\/sites\/472\/2019\/06\/L1182754-1024x641.jpg 1024w, https:\/\/sites.usp.br\/labartemidia\/wp-content\/uploads\/sites\/472\/2019\/06\/L1182754-300x188.jpg 300w, https:\/\/sites.usp.br\/labartemidia\/wp-content\/uploads\/sites\/472\/2019\/06\/L1182754-768x481.jpg 768w, https:\/\/sites.usp.br\/labartemidia\/wp-content\/uploads\/sites\/472\/2019\/06\/L1182754-400x250.jpg 400w\" sizes=\"(max-width: 640px) 100vw, 640px\" \/><\/a><\/p>\n<p><span style=\"color: #000000;\">Comp\u00f5em o diagrama os Movimentos Ind\u00edgena, com David Karai; Quilombola, com TC Silva; Sem Teto, com Carmen Silva; as M\u00e3es de Maio, com D\u00e9bora Silva; as pessoas em situa\u00e7\u00e3o prisional, com Dexter; o Movimento das Prostitutas, com Lourdes Barreto; o Movimento Trans, com Amara Moira; a Cultura Surda, com Edinho Santos; o Movimento Secundarista, com Marcela Jesus; o Feminismo Negro, com Juliana Borges; o Movimento LGBT, com J\u00e9ssica Tauane; e os Imigrantes, com Shambuyi Wetu.<\/span><\/p>\n<p><span style=\"color: #000000;\">O projeto foi desenvolvido pelos artistas <a href=\"https:\/\/sites.usp.br\/labartemidia\/equipe\/daniel-lima\/\">Daniel Lima<\/a>, \u00c9lida Lima e Felipe Teixeira, em parceria com o LabArteM\u00eddia &#8211; Laborat\u00f3rio de Arte, M\u00eddia e Tecnologias Digitais.<br \/>\n<\/span><\/p>\n","protected":false},"excerpt":{"rendered":"<p>A instala\u00e7\u00e3o Palavras Cruzadas cria um espa\u00e7o de escuta para 12 vozes representativas das lutas minorit\u00e1rias brasileiras em resist\u00eancia a s\u00e9culos de viol\u00eancia colonial. Mais do que um mapeamento ou um apanhado das lutas, a videoinstala\u00e7\u00e3o produz um c\u00edrculo de subjetividades dissonantes do coro hegem\u00f4nico. N\u00e3o se trata, entretanto, de dar conta da express\u00e3o das<a href=\"https:\/\/sites.usp.br\/labartemidia\/palavras-cruzadas-lugares-de-fala-contemporaneos-por-daniel-lima-elida-lima-e-felipe-teixeira\/\">[&#8230;]<\/a><\/p>\n","protected":false},"author":856,"featured_media":823,"comment_status":"closed","ping_status":"closed","sticky":false,"template":"","format":"standard","meta":{"_monsterinsights_skip_tracking":false,"_monsterinsights_sitenote_active":false,"_monsterinsights_sitenote_note":"","_monsterinsights_sitenote_category":0,"footnotes":"","_links_to":"","_links_to_target":""},"categories":[1,11],"tags":[16],"class_list":["post-811","post","type-post","status-publish","format-standard","has-post-thumbnail","hentry","category-geral","category-projetos-concluidos","tag-palavras-cruzadas"],"_links":{"self":[{"href":"https:\/\/sites.usp.br\/labartemidia\/wp-json\/wp\/v2\/posts\/811","targetHints":{"allow":["GET"]}}],"collection":[{"href":"https:\/\/sites.usp.br\/labartemidia\/wp-json\/wp\/v2\/posts"}],"about":[{"href":"https:\/\/sites.usp.br\/labartemidia\/wp-json\/wp\/v2\/types\/post"}],"author":[{"embeddable":true,"href":"https:\/\/sites.usp.br\/labartemidia\/wp-json\/wp\/v2\/users\/856"}],"replies":[{"embeddable":true,"href":"https:\/\/sites.usp.br\/labartemidia\/wp-json\/wp\/v2\/comments?post=811"}],"version-history":[{"count":5,"href":"https:\/\/sites.usp.br\/labartemidia\/wp-json\/wp\/v2\/posts\/811\/revisions"}],"predecessor-version":[{"id":3857,"href":"https:\/\/sites.usp.br\/labartemidia\/wp-json\/wp\/v2\/posts\/811\/revisions\/3857"}],"wp:featuredmedia":[{"embeddable":true,"href":"https:\/\/sites.usp.br\/labartemidia\/wp-json\/wp\/v2\/media\/823"}],"wp:attachment":[{"href":"https:\/\/sites.usp.br\/labartemidia\/wp-json\/wp\/v2\/media?parent=811"}],"wp:term":[{"taxonomy":"category","embeddable":true,"href":"https:\/\/sites.usp.br\/labartemidia\/wp-json\/wp\/v2\/categories?post=811"},{"taxonomy":"post_tag","embeddable":true,"href":"https:\/\/sites.usp.br\/labartemidia\/wp-json\/wp\/v2\/tags?post=811"}],"curies":[{"name":"wp","href":"https:\/\/api.w.org\/{rel}","templated":true}]}}