{"id":425,"date":"2026-08-17T14:54:34","date_gmt":"2026-08-17T16:54:34","guid":{"rendered":"https:\/\/sites.usp.br\/oipp\/?p=425"},"modified":"2026-08-17T15:39:06","modified_gmt":"2026-08-17T17:39:06","slug":"agnaldo-valentim","status":"publish","type":"post","link":"https:\/\/sites.usp.br\/oipp\/agnaldo-valentim\/","title":{"rendered":"Agnaldo Valentim"},"content":{"rendered":"<div class=\"layout-cell layout-cell-3 text-align-right\">\n<div class=\"layout-cell-pad-5 text-align-right\"><b>2021 &#8211; Atual<\/b><\/div>\n<\/div>\n<div class=\"layout-cell layout-cell-9\">\n<div class=\"layout-cell-pad-5\"><strong>Implementa\u00e7\u00e3o do aux\u00edlio emergencial<\/strong><\/div>\n<\/div>\n<div class=\"layout-cell layout-cell-3 text-align-right\">\n<div class=\"layout-cell-pad-5 text-align-right\"><\/div>\n<\/div>\n<div class=\"layout-cell layout-cell-9\">\n<div class=\"layout-cell-pad-5\">Descri\u00e7\u00e3o: Este projeto de pesquisa visa compreender o processo de implementa\u00e7\u00e3o do Aux\u00edlio Emergencial, principal resposta do Governo Federal para lidar com as consequ\u00eancias da pandemia de COVID-19. O acesso ao Aux\u00edlio Emergencial ocorreu de forma preponderante via aplicativo de celular (Aplicativo Caixa Aux\u00edlio Emergencial). Essa mudan\u00e7a na forma de acesso ao benef\u00edcio tem implica\u00e7\u00f5es para a discuss\u00e3o te\u00f3rica de implementa\u00e7\u00e3o de pol\u00edticas p\u00fablicas, bem como imp\u00f5e potenciais dificuldades para a popula\u00e7\u00e3o em situa\u00e7\u00e3o de vulnerabilidade ter acesso \u00e0 pol\u00edtica. Do ponto de vista te\u00f3rico, se a implementa\u00e7\u00e3o de pol\u00edticas p\u00fablicas pode ser analisada pela literatura de burocracia de n\u00edvel de rua, na qual o agente p\u00fablico possui discricionaridade na sua atua\u00e7\u00e3o junto ao p\u00fablico-alvo, o acesso ao benef\u00edcio via celular esvazia o papel do burocrata de n\u00edvel de rua, fazendo surgir vertentes da literatura sobre burocracia de n\u00edvel de tela e burocracia de n\u00edvel de sistemas..<br class=\"clear\" \/>Situa\u00e7\u00e3o: Em andamento; Natureza: Pesquisa.<br class=\"clear\" \/>Alunos envolvidos: Gradua\u00e7\u00e3o: (3) .<br class=\"clear\" \/><br class=\"clear\" \/>Integrantes: Agnaldo Valentin &#8211; Coordenador \/ Andr\u00e9 Gal Mountian &#8211; Integrante \/ Jo\u00e3o Guilherme Rocha Machado &#8211; Integrante.<\/div>\n<\/div>\n<p>&nbsp;<\/p>\n<div class=\"layout-cell layout-cell-3 text-align-right\">\n<div class=\"layout-cell-pad-5 text-align-right\"><b>2019 &#8211; Atual<\/b><\/div>\n<\/div>\n<div class=\"layout-cell layout-cell-9\">\n<div class=\"layout-cell-pad-5\"><strong>Inser\u00e7\u00e3o de economista no campo de p\u00fablicas no Brasil<\/strong><\/div>\n<\/div>\n<div class=\"layout-cell layout-cell-3 text-align-right\">\n<div class=\"layout-cell-pad-5 text-align-right\"><\/div>\n<\/div>\n<div class=\"layout-cell layout-cell-9\">\n<div class=\"layout-cell-pad-5\">Descri\u00e7\u00e3o: Este projeto de pesquisa busca compreender a inser\u00e7\u00e3o de economistas no Campo de P\u00fablicas no Brasil, que engloba os curso de gradua\u00e7\u00e3o de Administra\u00e7\u00e3o P\u00fablica, Gest\u00e3o P\u00fablica, Gest\u00e3o de Pol\u00edticas P\u00fablicas e Gest\u00e3o Social. O Campo de P\u00fablicas \u00e9 uma \u00e1rea do conhecimento multidisciplinar, formado pela Administra\u00e7\u00e3o P\u00fablica, Ci\u00eancia Pol\u00edtica, Economia e outras disciplinas. No entanto, a rela\u00e7\u00e3o entre Economia e o Campo ainda \u00e9 incipiente, na medida em que existem poucos estudos sobre pol\u00edticas econ\u00f4micas sob enfoque das pol\u00edticas p\u00fablicas. Al\u00e9m disso, esta agenda de pesquisa \u00e9 relevante do ponto de vista da atua\u00e7\u00e3o de economistas na gest\u00e3o p\u00fablica, pois esta aproxima\u00e7\u00e3o pode reduzir conflitos entre \u00e1reas final\u00edsticas, como educa\u00e7\u00e3o e sa\u00fade, com a \u00e1rea econ\u00f4mica, com perspectivas de amplia\u00e7\u00e3o do bem-estar social..<br class=\"clear\" \/>Situa\u00e7\u00e3o: Em andamento; Natureza: Pesquisa.<br class=\"clear\" \/>Alunos envolvidos: Gradua\u00e7\u00e3o: (3) .<br class=\"clear\" \/><br class=\"clear\" \/>Integrantes: Agnaldo Valentin &#8211; Coordenador \/ Andr\u00e9 Gal Mountian &#8211; Integrante \/ Jo\u00e3o Guilherme Rocha Machado &#8211; Integrante.<\/div>\n<\/div>\n","protected":false},"excerpt":{"rendered":"<p>2021 &#8211; Atual Implementa\u00e7\u00e3o do aux\u00edlio emergencial Descri\u00e7\u00e3o: Este projeto de pesquisa visa compreender o processo de implementa\u00e7\u00e3o do Aux\u00edlio Emergencial, principal resposta do Governo Federal para lidar com as consequ\u00eancias da pandemia de COVID-19. O acesso ao Aux\u00edlio Emergencial ocorreu de forma preponderante via aplicativo de celular (Aplicativo Caixa Aux\u00edlio Emergencial). Essa mudan\u00e7a na [&hellip;]<\/p>\n","protected":false},"author":22949,"featured_media":0,"comment_status":"closed","ping_status":"closed","sticky":false,"template":"","format":"standard","meta":{"footnotes":"","_links_to":"","_links_to_target":""},"categories":[15],"tags":[],"class_list":["post-425","post","type-post","status-publish","format-standard","hentry","category-pesquisadores"],"_links":{"self":[{"href":"https:\/\/sites.usp.br\/oipp\/wp-json\/wp\/v2\/posts\/425","targetHints":{"allow":["GET"]}}],"collection":[{"href":"https:\/\/sites.usp.br\/oipp\/wp-json\/wp\/v2\/posts"}],"about":[{"href":"https:\/\/sites.usp.br\/oipp\/wp-json\/wp\/v2\/types\/post"}],"author":[{"embeddable":true,"href":"https:\/\/sites.usp.br\/oipp\/wp-json\/wp\/v2\/users\/22949"}],"replies":[{"embeddable":true,"href":"https:\/\/sites.usp.br\/oipp\/wp-json\/wp\/v2\/comments?post=425"}],"version-history":[{"count":2,"href":"https:\/\/sites.usp.br\/oipp\/wp-json\/wp\/v2\/posts\/425\/revisions"}],"predecessor-version":[{"id":744,"href":"https:\/\/sites.usp.br\/oipp\/wp-json\/wp\/v2\/posts\/425\/revisions\/744"}],"wp:attachment":[{"href":"https:\/\/sites.usp.br\/oipp\/wp-json\/wp\/v2\/media?parent=425"}],"wp:term":[{"taxonomy":"category","embeddable":true,"href":"https:\/\/sites.usp.br\/oipp\/wp-json\/wp\/v2\/categories?post=425"},{"taxonomy":"post_tag","embeddable":true,"href":"https:\/\/sites.usp.br\/oipp\/wp-json\/wp\/v2\/tags?post=425"}],"curies":[{"name":"wp","href":"https:\/\/api.w.org\/{rel}","templated":true}]}}