{"id":429,"date":"2026-08-17T14:30:54","date_gmt":"2026-08-17T16:30:54","guid":{"rendered":"https:\/\/sites.usp.br\/oipp\/?p=429"},"modified":"2026-08-17T15:32:00","modified_gmt":"2026-08-17T17:32:00","slug":"alexandre-ribeiro-leichsenring","status":"publish","type":"post","link":"https:\/\/sites.usp.br\/oipp\/alexandre-ribeiro-leichsenring\/","title":{"rendered":"Alexandre Ribeiro Leichsenring,"},"content":{"rendered":"<div class=\"layout-cell layout-cell-12 data-cell\">\n<div class=\"layout-cell layout-cell-3 text-align-right\">\n<div class=\"layout-cell-pad-5 text-align-right\"><b>2026 &#8211; Atual<\/b><\/div>\n<\/div>\n<div class=\"layout-cell layout-cell-9\">\n<div class=\"layout-cell-pad-5\"><strong>Dados e Indicadores Culturais na Pol\u00edtica Nacional das Artes<\/strong><\/div>\n<\/div>\n<div class=\"layout-cell layout-cell-3 text-align-right\">\n<div class=\"layout-cell-pad-5 text-align-right\"><\/div>\n<\/div>\n<div class=\"layout-cell layout-cell-9\">\n<div class=\"layout-cell-pad-5\">Descri\u00e7\u00e3o: Este projeto, desenvolvido em parceria entre a Escola de Artes, Ci\u00eancias e Humanidades daUniversidade de S\u00e3o Paulo (EACH-USP) e a Funda\u00e7\u00e3o Nacional das Artes (Funarte), tem comoobjetivo aprimorar a Pol\u00edtica Nacional das Artes (PNA) por meio da produ\u00e7\u00e3o e sistematiza\u00e7\u00e3o dedados e indicadores culturais. A proposta visa fortalecer as capacidades da Funarte na formula\u00e7\u00e3o,implementa\u00e7\u00e3o, gest\u00e3o, avalia\u00e7\u00e3o e controle social da PNA, elevando o uso de dados a um novopatamar. Contribui tamb\u00e9m para o avan\u00e7o do conhecimento no campo dos indicadores culturais.As atividades de pesquisa incluem a avalia\u00e7\u00e3o da disponibilidade e da necessidade de cria\u00e7\u00e3o,integra\u00e7\u00e3o e aperfei\u00e7oamento de bases de dados, al\u00e9m do desenvolvimento de mecanismos degovernan\u00e7a de dados com participa\u00e7\u00e3o da sociedade civil. O trabalho tamb\u00e9m identificar\u00e1 asdemandas de capacidades estatais necess\u00e1rias \u00e0 implementa\u00e7\u00e3o do uso de dados e indicadores naPNA&#8230;<br class=\"clear\" \/>Situa\u00e7\u00e3o: Em andamento; Natureza: Pesquisa.<br class=\"clear\" \/>Alunos envolvidos: Mestrado acad\u00eamico: (1) Doutorado: (1) .<br class=\"clear\" \/><br class=\"clear\" \/>Integrantes: Alexandre Ribeiro Leichsenring &#8211; Integrante \/ Jos\u00e9 Carlos Vaz &#8211; Coordenador \/ Heber SIlveira Rocha &#8211; Integrante \/ Luisa Vasconcelos Hardman &#8211; Integrante.<br class=\"clear\" \/>Financiador(es): Funda\u00e7\u00e3o de Amparo \u00e0 Pesquisa do Estado de S\u00e3o Paulo &#8211; Aux\u00edlio financeiro.<\/div>\n<\/div>\n<\/div>\n<div><\/div>\n<div class=\"layout-cell layout-cell-12 data-cell\">\n<div class=\"layout-cell layout-cell-3 text-align-right\">\n<div class=\"layout-cell-pad-5 text-align-right\"><b>2025 &#8211; Atual<\/b><\/div>\n<\/div>\n<div class=\"layout-cell layout-cell-9\">\n<div class=\"layout-cell-pad-5\"><strong>Capacidades Estatais para a Implementa\u00e7\u00e3o do Marco Regulat\u00f3rio das Organiza\u00e7\u00f5es da Sociedade Civil: parcerias entre OSCs e a Gest\u00e3o P\u00fablica<\/strong><\/div>\n<\/div>\n<div class=\"layout-cell layout-cell-3 text-align-right\">\n<div class=\"layout-cell-pad-5 text-align-right\"><\/div>\n<\/div>\n<div class=\"layout-cell layout-cell-9\">\n<div class=\"layout-cell-pad-5\">Descri\u00e7\u00e3o: Desenvolvimento de framework anal\u00edtico e conjunto de indicadores sobre capacidades estatais para realiza\u00e7\u00e3o de parcerias; com sua aplica\u00e7\u00e3o em pesquisas em diferentes n\u00edveis de governo, setores e regi\u00f5es; identifica\u00e7\u00e3o das capacidades estatais que precisam ser desenvolvidas ou aprimoradas e proposi\u00e7\u00e3o de modalidades de interven\u00e7\u00f5es mais associadas ao desenvolvimento de capacidades estatais para gest\u00e3o de parcerias.<br class=\"clear\" \/>Situa\u00e7\u00e3o: Em andamento; Natureza: Pesquisa.<br class=\"clear\" \/>Alunos envolvidos: Gradua\u00e7\u00e3o: (2) \/ Doutorado: (1) .<br class=\"clear\" \/><br class=\"clear\" \/>Integrantes: Alexandre Ribeiro Leichsenring &#8211; Integrante \/ Andr\u00e9 Gal Mountian &#8211; Integrante \/ Patr\u00edcia Mendon\u00e7a &#8211; Coordenador \/ M\u00e1rio Aquino Alves &#8211; Integrante \/ Bruna de Moraes Holanda &#8211; Integrante \/ Oonagh Breen &#8211; Integrante.<br class=\"clear\" \/>Financiador(es): Funda\u00e7\u00e3o de Amparo \u00e0 Pesquisa do Estado de S\u00e3o Paulo &#8211; Aux\u00edlio financeiro.<\/div>\n<\/div>\n<\/div>\n<p>&nbsp;<\/p>\n","protected":false},"excerpt":{"rendered":"<p>2026 &#8211; Atual Dados e Indicadores Culturais na Pol\u00edtica Nacional das Artes Descri\u00e7\u00e3o: Este projeto, desenvolvido em parceria entre a Escola de Artes, Ci\u00eancias e Humanidades daUniversidade de S\u00e3o Paulo (EACH-USP) e a Funda\u00e7\u00e3o Nacional das Artes (Funarte), tem comoobjetivo aprimorar a Pol\u00edtica Nacional das Artes (PNA) por meio da produ\u00e7\u00e3o e sistematiza\u00e7\u00e3o dedados e [&hellip;]<\/p>\n","protected":false},"author":22949,"featured_media":0,"comment_status":"closed","ping_status":"closed","sticky":false,"template":"","format":"standard","meta":{"footnotes":"","_links_to":"","_links_to_target":""},"categories":[15],"tags":[],"class_list":["post-429","post","type-post","status-publish","format-standard","hentry","category-pesquisadores"],"_links":{"self":[{"href":"https:\/\/sites.usp.br\/oipp\/wp-json\/wp\/v2\/posts\/429","targetHints":{"allow":["GET"]}}],"collection":[{"href":"https:\/\/sites.usp.br\/oipp\/wp-json\/wp\/v2\/posts"}],"about":[{"href":"https:\/\/sites.usp.br\/oipp\/wp-json\/wp\/v2\/types\/post"}],"author":[{"embeddable":true,"href":"https:\/\/sites.usp.br\/oipp\/wp-json\/wp\/v2\/users\/22949"}],"replies":[{"embeddable":true,"href":"https:\/\/sites.usp.br\/oipp\/wp-json\/wp\/v2\/comments?post=429"}],"version-history":[{"count":3,"href":"https:\/\/sites.usp.br\/oipp\/wp-json\/wp\/v2\/posts\/429\/revisions"}],"predecessor-version":[{"id":741,"href":"https:\/\/sites.usp.br\/oipp\/wp-json\/wp\/v2\/posts\/429\/revisions\/741"}],"wp:attachment":[{"href":"https:\/\/sites.usp.br\/oipp\/wp-json\/wp\/v2\/media?parent=429"}],"wp:term":[{"taxonomy":"category","embeddable":true,"href":"https:\/\/sites.usp.br\/oipp\/wp-json\/wp\/v2\/categories?post=429"},{"taxonomy":"post_tag","embeddable":true,"href":"https:\/\/sites.usp.br\/oipp\/wp-json\/wp\/v2\/tags?post=429"}],"curies":[{"name":"wp","href":"https:\/\/api.w.org\/{rel}","templated":true}]}}