{"id":560,"date":"2026-06-09T15:00:57","date_gmt":"2026-06-09T17:00:57","guid":{"rendered":"https:\/\/sites.usp.br\/oipp\/?p=560"},"modified":"2026-06-09T16:34:30","modified_gmt":"2026-06-09T18:34:30","slug":"andre-gal-mountian-2","status":"publish","type":"post","link":"https:\/\/sites.usp.br\/oipp\/andre-gal-mountian-2\/","title":{"rendered":"Andr\u00e9 Gal Mountian"},"content":{"rendered":"<p>Possui doutorado em Economia do Desenvolvimento pela Universidade de S\u00e3o Paulo (2015), mestrado em Economia Pol\u00edtica na Pontif\u00edcia Universidade Cat\u00f3lica de S\u00e3o Paulo (2008) e gradua\u00e7\u00e3o em Matem\u00e1tica Aplicada pela Universidade Estadual de Campinas (2004). Atualmente, \u00e9 professor da Escola de Artes Ci\u00eancias e Humanidades (EACH), no curso de Gest\u00e3o de Pol\u00edticas P\u00fablicas, na Universidade de S\u00e3o Paulo (USP). Tem experi\u00eancia na \u00e1rea de Economia, com \u00eanfase em Economia do Trabalho, Envelhecimento Populacional, Pol\u00edticas P\u00fablicas de Emprego e M\u00e9todos Quantitativos.<\/p>\n<p><strong>Curr\u00edculo Lattes:<\/strong> <a href=\"http:\/\/lattes.cnpq.br\/5503538456379571\">http:\/\/lattes.cnpq.br\/5503538456379571<\/a><\/p>\n<h3>Publica\u00e7\u00f5es de Destaque<\/h3>\n<div class=\"artigo-completo\">\n<div class=\"layout-cell layout-cell-11\">\n<div class=\"layout-cell-pad-5\">\n<p>VALENTIN, AGNALDO; MOUNTIAN, ANDR\u00c9 GAL\u00a0; ROCHA MACHADO, JO\u00c3O GUILHERME . Inser\u00e7\u00e3o de economistas no Campo de P\u00fablicas no Brasil: Trajet\u00f3ria acad\u00eamica, ensino e pesquisa. CADERNOS GEST\u00c3O P\u00daBLICA E CIDADANIA<sup><img decoding=\"async\" id=\"18062261_1\" class=\"ajaxJCR jcrTip\" style=\"background: none 0px 0px repeat scroll transparent; border: 0px none; font-size: 11px; margin: 0px; padding: 0px; outline: none 0px; vertical-align: baseline; text-align: left;\" src=\"http:\/\/buscatextual.cnpq.br\/buscatextual\/images\/curriculo\/jcr.gif\" data-issn=\"18062261\" \/><\/sup>, v. 28, p. e86801-21, 2023.<\/p>\n<div class=\"citado\"><\/div>\n<\/div>\n<\/div>\n<\/div>\n<div class=\"artigo-completo\">\n<div class=\"layout-cell layout-cell-11\">\n<div class=\"layout-cell-pad-5\"><b><\/b>\u00a0MOUNTIAN, ANDRE; MONTOYA DIAZ, MARIA DOLORES . Effects of retirement on the health of elderly people in S\u00e3o Paulo, Brazil. APPLIED ECONOMICS (ONLINE), v. 52, p. 2991-3003, 2020.<\/div>\n<\/div>\n<\/div>\n<h3>\u00c1reas de atua\u00e7\u00e3o<\/h3>\n<div class=\"layout-cell layout-cell-9\">\n<ul>\n<li class=\"layout-cell-pad-5\">Grande \u00e1rea: Ci\u00eancias Sociais Aplicadas \/ \u00c1rea: Economia \/ Sub\u00e1rea: Economia dos Recursos Humanos\/Especialidade: Mercado de Trabalho; Pol\u00edtica do Governo.<\/li>\n<\/ul>\n<\/div>\n<div class=\"layout-cell layout-cell-9\">\n<ul>\n<li>Grande \u00e1rea: Ci\u00eancias Sociais Aplicadas \/ \u00c1rea: Administra\u00e7\u00e3o \/ Sub\u00e1rea: Administra\u00e7\u00e3o P\u00fablica\/Especialidade: Pol\u00edtica e Planejamento Governamentais.<\/li>\n<\/ul>\n<\/div>\n<div class=\"layout-cell layout-cell-9\">\n<ul>\n<li class=\"layout-cell-pad-5\">Grande \u00e1rea: Ci\u00eancias Sociais Aplicadas \/ \u00c1rea: Demografia \/ Sub\u00e1rea: Pol\u00edtica P\u00fablica e Popula\u00e7\u00e3o.<\/li>\n<\/ul>\n<\/div>\n<p>&nbsp;<\/p>\n","protected":false},"excerpt":{"rendered":"<p>Possui doutorado em Economia do Desenvolvimento pela Universidade de S\u00e3o Paulo (2015), mestrado em Economia Pol\u00edtica na Pontif\u00edcia Universidade Cat\u00f3lica de S\u00e3o Paulo (2008) e gradua\u00e7\u00e3o em Matem\u00e1tica Aplicada pela Universidade Estadual de Campinas (2004). Atualmente, \u00e9 professor da Escola de Artes Ci\u00eancias e Humanidades (EACH), no curso de Gest\u00e3o de Pol\u00edticas P\u00fablicas, na Universidade [&hellip;]<\/p>\n","protected":false},"author":22950,"featured_media":594,"comment_status":"closed","ping_status":"closed","sticky":false,"template":"","format":"standard","meta":{"footnotes":"","_links_to":"","_links_to_target":""},"categories":[20],"tags":[],"class_list":["post-560","post","type-post","status-publish","format-standard","has-post-thumbnail","hentry","category-equipe"],"_links":{"self":[{"href":"https:\/\/sites.usp.br\/oipp\/wp-json\/wp\/v2\/posts\/560","targetHints":{"allow":["GET"]}}],"collection":[{"href":"https:\/\/sites.usp.br\/oipp\/wp-json\/wp\/v2\/posts"}],"about":[{"href":"https:\/\/sites.usp.br\/oipp\/wp-json\/wp\/v2\/types\/post"}],"author":[{"embeddable":true,"href":"https:\/\/sites.usp.br\/oipp\/wp-json\/wp\/v2\/users\/22950"}],"replies":[{"embeddable":true,"href":"https:\/\/sites.usp.br\/oipp\/wp-json\/wp\/v2\/comments?post=560"}],"version-history":[{"count":4,"href":"https:\/\/sites.usp.br\/oipp\/wp-json\/wp\/v2\/posts\/560\/revisions"}],"predecessor-version":[{"id":613,"href":"https:\/\/sites.usp.br\/oipp\/wp-json\/wp\/v2\/posts\/560\/revisions\/613"}],"wp:featuredmedia":[{"embeddable":true,"href":"https:\/\/sites.usp.br\/oipp\/wp-json\/wp\/v2\/media\/594"}],"wp:attachment":[{"href":"https:\/\/sites.usp.br\/oipp\/wp-json\/wp\/v2\/media?parent=560"}],"wp:term":[{"taxonomy":"category","embeddable":true,"href":"https:\/\/sites.usp.br\/oipp\/wp-json\/wp\/v2\/categories?post=560"},{"taxonomy":"post_tag","embeddable":true,"href":"https:\/\/sites.usp.br\/oipp\/wp-json\/wp\/v2\/tags?post=560"}],"curies":[{"name":"wp","href":"https:\/\/api.w.org\/{rel}","templated":true}]}}